{"id":800,"date":"2022-11-25T11:14:04","date_gmt":"2022-11-25T10:14:04","guid":{"rendered":"https:\/\/vcpsagl.ch\/2022\/11\/25\/gebaeudesanierung-in-agarone\/"},"modified":"2022-12-06T10:11:33","modified_gmt":"2022-12-06T09:11:33","slug":"gebaeudesanierung-in-agarone","status":"publish","type":"post","link":"https:\/\/vcpsagl.ch\/de\/2022\/11\/25\/gebaeudesanierung-in-agarone\/","title":{"rendered":"Geb\u00e4udesanierung in Agarone"},"content":{"rendered":"<p>Vollst\u00e4ndige Beschreibung des Renovierungs- und Restaurierungsprojekts f\u00fcr Au\u00dfenarbeiten folgt<\/p>\n","protected":false},"excerpt":{"rendered":"<p>Dokumentation innen lesen<\/p>\n","protected":false},"author":1564,"featured_media":1155,"comment_status":"closed","ping_status":"open","sticky":false,"template":"","format":"standard","meta":{"_seopress_robots_primary_cat":"none","_seopress_titles_title":"","_seopress_titles_desc":"","_seopress_robots_index":"","footnotes":""},"categories":[73],"tags":[],"class_list":["post-800","post","type-post","status-publish","format-standard","has-post-thumbnail","hentry","category-rehabilitation-de"],"_links":{"self":[{"href":"https:\/\/vcpsagl.ch\/de\/wp-json\/wp\/v2\/posts\/800","targetHints":{"allow":["GET"]}}],"collection":[{"href":"https:\/\/vcpsagl.ch\/de\/wp-json\/wp\/v2\/posts"}],"about":[{"href":"https:\/\/vcpsagl.ch\/de\/wp-json\/wp\/v2\/types\/post"}],"author":[{"embeddable":true,"href":"https:\/\/vcpsagl.ch\/de\/wp-json\/wp\/v2\/users\/1564"}],"replies":[{"embeddable":true,"href":"https:\/\/vcpsagl.ch\/de\/wp-json\/wp\/v2\/comments?post=800"}],"version-history":[{"count":0,"href":"https:\/\/vcpsagl.ch\/de\/wp-json\/wp\/v2\/posts\/800\/revisions"}],"wp:featuredmedia":[{"embeddable":true,"href":"https:\/\/vcpsagl.ch\/de\/wp-json\/wp\/v2\/media\/1155"}],"wp:attachment":[{"href":"https:\/\/vcpsagl.ch\/de\/wp-json\/wp\/v2\/media?parent=800"}],"wp:term":[{"taxonomy":"category","embeddable":true,"href":"https:\/\/vcpsagl.ch\/de\/wp-json\/wp\/v2\/categories?post=800"},{"taxonomy":"post_tag","embeddable":true,"href":"https:\/\/vcpsagl.ch\/de\/wp-json\/wp\/v2\/tags?post=800"}],"curies":[{"name":"wp","href":"https:\/\/api.w.org\/{rel}","templated":true}]}}